{"id":425,"date":"2013-06-26T00:01:27","date_gmt":"2013-06-26T03:01:27","guid":{"rendered":"http:\/\/www.encontrajaboatao.com.br\/noticias\/?p=425"},"modified":"2013-06-25T19:43:59","modified_gmt":"2013-06-25T22:43:59","slug":"campanha-de-vacinacao-contra-a-paralisia-infantil-e-prorrogada-em-jaboatao","status":"publish","type":"post","link":"http:\/\/www.encontrajaboatao.com.br\/noticias\/campanha-de-vacinacao-contra-a-paralisia-infantil-e-prorrogada-em-jaboatao\/","title":{"rendered":"Campanha de vacina\u00e7\u00e3o contra a paralisia infantil \u00e9 prorrogada em Jaboat\u00e3o"},"content":{"rendered":"<p>A Campanha de vacina\u00e7\u00e3o contra a poliomielite, tamb\u00e9m chamada de paralisia infantil foi prorrogada. A a\u00e7\u00e3o teve a finalidade de oportunizar a popula\u00e7\u00e3o local mais tempo para se vacinar. Agora, com a nova data, as crian\u00e7as com idade entre seis meses e menores de cinco anos ter\u00e3o at\u00e9 o pr\u00f3ximo dia 05 de Julho para se imunizar.<\/p>\n<p>O objetivo da a\u00e7\u00e3o preventiva \u00e9 vacinar aproximadamente 43 mil crian\u00e7as, o que corresponde a 95% do p\u00fablico-alvo. Para isso, \u00e9 necess\u00e1rio que os pais ou respons\u00e1veis pelas crian\u00e7as compare\u00e7am as postos de sa\u00fade do munic\u00edpio munidos do cart\u00e3o de vacina\u00e7\u00e3o. As unidades funcionar\u00e3o de segunda a sexta-feira, das 8h \u00e0s 17h.<\/p>\n<p>De acordo com o balan\u00e7o da Secretaria Executiva de Promo\u00e7\u00e3o a Sa\u00fade de Jaboat\u00e3o, 69% da popula\u00e7\u00e3o priorit\u00e1ria j\u00e1 foi vacinada. Em Pernambuco, o objetivo \u00e9 vacinar 630 mil pessoas. O \u00faltimo caso de poliomielite registrado no Brasil aconteceu h\u00e1 23 anos, na cidade paraibana de Souza. No ano de 1994, o Brasil recebeu o certificado internacional de erradica\u00e7\u00e3o da transmiss\u00e3o da doen\u00e7a.<\/p>\n<div align=\"justify\"><em>Fonte: Prefeitura Municipal de Jaboat\u00e3o dos Guararapes<\/em><\/div>\n","protected":false},"excerpt":{"rendered":"<p>A Campanha de vacina\u00e7\u00e3o contra a poliomielite, tamb\u00e9m chamada de paralisia infantil foi prorrogada. A a\u00e7\u00e3o teve a finalidade de oportunizar a popula\u00e7\u00e3o local mais tempo para se vacinar. Agora, com a nova data, as crian\u00e7as com idade entre seis meses e menores de cinco anos ter\u00e3o at\u00e9 o pr\u00f3ximo dia 05 de Julho para [&hellip;]<\/p>\n","protected":false},"author":1,"featured_media":0,"comment_status":"open","ping_status":"open","sticky":false,"template":"","format":"standard","meta":{"footnotes":""},"categories":[6,8],"tags":[15],"class_list":["post-425","post","type-post","status-publish","format-standard","hentry","category-noticias-jaboatao-dos-guararapes","category-servicos-jaboatao-dos-guararapes","tag-jaboatao"],"_links":{"self":[{"href":"http:\/\/www.encontrajaboatao.com.br\/noticias\/wp-json\/wp\/v2\/posts\/425","targetHints":{"allow":["GET"]}}],"collection":[{"href":"http:\/\/www.encontrajaboatao.com.br\/noticias\/wp-json\/wp\/v2\/posts"}],"about":[{"href":"http:\/\/www.encontrajaboatao.com.br\/noticias\/wp-json\/wp\/v2\/types\/post"}],"author":[{"embeddable":true,"href":"http:\/\/www.encontrajaboatao.com.br\/noticias\/wp-json\/wp\/v2\/users\/1"}],"replies":[{"embeddable":true,"href":"http:\/\/www.encontrajaboatao.com.br\/noticias\/wp-json\/wp\/v2\/comments?post=425"}],"version-history":[{"count":2,"href":"http:\/\/www.encontrajaboatao.com.br\/noticias\/wp-json\/wp\/v2\/posts\/425\/revisions"}],"predecessor-version":[{"id":427,"href":"http:\/\/www.encontrajaboatao.com.br\/noticias\/wp-json\/wp\/v2\/posts\/425\/revisions\/427"}],"wp:attachment":[{"href":"http:\/\/www.encontrajaboatao.com.br\/noticias\/wp-json\/wp\/v2\/media?parent=425"}],"wp:term":[{"taxonomy":"category","embeddable":true,"href":"http:\/\/www.encontrajaboatao.com.br\/noticias\/wp-json\/wp\/v2\/categories?post=425"},{"taxonomy":"post_tag","embeddable":true,"href":"http:\/\/www.encontrajaboatao.com.br\/noticias\/wp-json\/wp\/v2\/tags?post=425"}],"curies":[{"name":"wp","href":"https:\/\/api.w.org\/{rel}","templated":true}]}}